{"id":1940,"date":"2020-10-19T20:50:39","date_gmt":"2020-10-19T18:50:39","guid":{"rendered":"https:\/\/www.die-raumteiler.de\/?p=1940"},"modified":"2020-10-19T21:06:58","modified_gmt":"2020-10-19T19:06:58","slug":"arbeitstreffen-zum-garten","status":"publish","type":"post","link":"https:\/\/www.die-raumteiler.de\/index.php\/2020\/10\/19\/arbeitstreffen-zum-garten\/","title":{"rendered":"Arbeitstreffen zum Gemeinschaftsgarten"},"content":{"rendered":"\n<p class=\"wp-block-paragraph\">Anfang Oktober 2020 hatten wir ein Arbeitstreffen zur Au\u00dfengestaltung unseres Gel\u00e4ndes und unseres Raumteiler-Gemeinschaftsgartens. Sabine D. und Tina hatten sich vorbereitet und uns ihre Ideen auf einem ma\u00dfstabgetreuen Plan pr\u00e4sentiert: Gem\u00fcsegarten, Hochbeete, B\u00e4ume, H\u00fchnerstall, Spielfl\u00e4che, Sitzb\u00e4nke und Tische, Feuerstelle, Hecken und Ranken als Abgrenzung zur Sackgasse, Kr\u00e4uterwiese&#8230; Wir haben die Platzhalter auf der Au\u00dfenfl\u00e4che hin- und hergeschoben, bis alles super war. Und wir waren uns schnell einig&#8230; <br>Ende Oktober treffen wir uns zu einem Workshop mit dem Gartenbauarchitekten von der MWB; dann werden wir sehen, wie sich alles umsetzen l\u00e4sst. Wir sind gespannt!<\/p>\n","protected":false},"excerpt":{"rendered":"<p>Anfang Oktober 2020 hatten wir ein Arbeitstreffen zur Au\u00dfengestaltung unseres Gel\u00e4ndes und unseres Raumteiler-Gemeinschaftsgartens. Sabine D. und Tina hatten sich vorbereitet und uns ihre Ideen auf einem ma\u00dfstabgetreuen Plan pr\u00e4sentiert: Gem\u00fcsegarten, Hochbeete, B\u00e4ume, H\u00fchnerstall, Spielfl\u00e4che, Sitzb\u00e4nke und Tische, Feuerstelle, Hecken und Ranken als Abgrenzung zur Sackgasse, Kr\u00e4uterwiese&#8230; Wir haben die Platzhalter auf der Au\u00dfenfl\u00e4che hin- &hellip; <a href=\"https:\/\/www.die-raumteiler.de\/index.php\/2020\/10\/19\/arbeitstreffen-zum-garten\/\" class=\"more-link\"><span class=\"screen-reader-text\">\u201eArbeitstreffen zum Gemeinschaftsgarten\u201c<\/span> weiterlesen<\/a><\/p>\n","protected":false},"author":3,"featured_media":1943,"comment_status":"closed","ping_status":"closed","sticky":false,"template":"","format":"standard","meta":{"_crdt_document":"","footnotes":""},"categories":[3],"tags":[],"class_list":["post-1940","post","type-post","status-publish","format-standard","has-post-thumbnail","hentry","category-allgemein"],"_links":{"self":[{"href":"https:\/\/www.die-raumteiler.de\/index.php\/wp-json\/wp\/v2\/posts\/1940","targetHints":{"allow":["GET"]}}],"collection":[{"href":"https:\/\/www.die-raumteiler.de\/index.php\/wp-json\/wp\/v2\/posts"}],"about":[{"href":"https:\/\/www.die-raumteiler.de\/index.php\/wp-json\/wp\/v2\/types\/post"}],"author":[{"embeddable":true,"href":"https:\/\/www.die-raumteiler.de\/index.php\/wp-json\/wp\/v2\/users\/3"}],"replies":[{"embeddable":true,"href":"https:\/\/www.die-raumteiler.de\/index.php\/wp-json\/wp\/v2\/comments?post=1940"}],"version-history":[{"count":6,"href":"https:\/\/www.die-raumteiler.de\/index.php\/wp-json\/wp\/v2\/posts\/1940\/revisions"}],"predecessor-version":[{"id":1947,"href":"https:\/\/www.die-raumteiler.de\/index.php\/wp-json\/wp\/v2\/posts\/1940\/revisions\/1947"}],"wp:featuredmedia":[{"embeddable":true,"href":"https:\/\/www.die-raumteiler.de\/index.php\/wp-json\/wp\/v2\/media\/1943"}],"wp:attachment":[{"href":"https:\/\/www.die-raumteiler.de\/index.php\/wp-json\/wp\/v2\/media?parent=1940"}],"wp:term":[{"taxonomy":"category","embeddable":true,"href":"https:\/\/www.die-raumteiler.de\/index.php\/wp-json\/wp\/v2\/categories?post=1940"},{"taxonomy":"post_tag","embeddable":true,"href":"https:\/\/www.die-raumteiler.de\/index.php\/wp-json\/wp\/v2\/tags?post=1940"}],"curies":[{"name":"wp","href":"https:\/\/api.w.org\/{rel}","templated":true}]}}