{"id":2011,"date":"2021-01-19T19:04:23","date_gmt":"2021-01-19T18:04:23","guid":{"rendered":"https:\/\/www.die-raumteiler.de\/?p=2011"},"modified":"2021-01-19T19:40:53","modified_gmt":"2021-01-19T18:40:53","slug":"erster-entwurf-fuer-unseren-garten","status":"publish","type":"post","link":"https:\/\/www.die-raumteiler.de\/index.php\/2021\/01\/19\/erster-entwurf-fuer-unseren-garten\/","title":{"rendered":"Erster Entwurf f\u00fcr unseren Garten"},"content":{"rendered":"\n<figure class=\"wp-block-image size-large is-resized\"><img loading=\"lazy\" decoding=\"async\" src=\"https:\/\/www.die-raumteiler.de\/wp-content\/uploads\/2021\/01\/Gartenentwurf-2021-1.jpg\" alt=\"\" class=\"wp-image-2023\" width=\"283\" height=\"365\" srcset=\"https:\/\/www.die-raumteiler.de\/wp-content\/uploads\/2021\/01\/Gartenentwurf-2021-1.jpg 517w, https:\/\/www.die-raumteiler.de\/wp-content\/uploads\/2021\/01\/Gartenentwurf-2021-1-233x300.jpg 233w\" sizes=\"auto, (max-width: 283px) 85vw, 283px\" \/><\/figure>\n\n\n\n<p class=\"wp-block-paragraph\">Nach unserem Gespr\u00e4ch beim MWB mit Herrn Klotzbach, dem Garten- und Landschaftsbauer, haben wir im Januar 2021 einen ersten Entwurf unseres Au\u00dfengel\u00e4ndes rund um das Raumteilerhaus bekommen. Das sieht doch schon super aus! H\u00fchnerstall, Hochbeete, Feuerstelle, B\u00e4ume und viel Gr\u00fcn &#8211; alles da!! Es gibt nur noch kleine \u00c4nderungsw\u00fcnsche (z. B. weniger wassergebundene Wegedecke). Aber wir k\u00f6nnen uns gut vorstellen, hier Gem\u00fcse und Obst anzupflanzen und laue Sommerabende zusammen zu verbringen&#8230; (wenn das denn mal wieder m\u00f6glich ist)<\/p>\n\n\n\n<p class=\"wp-block-paragraph\">Hier der <a rel=\"noreferrer noopener\" href=\"https:\/\/www.die-raumteiler.de\/wp-content\/uploads\/2021\/01\/1009-2.BA-E_b-Gartenentwurf-Raumteiler.pdf\" target=\"_blank\">Entwurf als pdf<\/a> zum Vergr\u00f6\u00dfern und Anschauen.<\/p>\n","protected":false},"excerpt":{"rendered":"<p>Nach unserem Gespr\u00e4ch beim MWB mit Herrn Klotzbach, dem Garten- und Landschaftsbauer, haben wir im Januar 2021 einen ersten Entwurf unseres Au\u00dfengel\u00e4ndes rund um das Raumteilerhaus bekommen. Das sieht doch schon super aus! H\u00fchnerstall, Hochbeete, Feuerstelle, B\u00e4ume und viel Gr\u00fcn &#8211; alles da!! Es gibt nur noch kleine \u00c4nderungsw\u00fcnsche (z. B. weniger wassergebundene Wegedecke). Aber &hellip; <a href=\"https:\/\/www.die-raumteiler.de\/index.php\/2021\/01\/19\/erster-entwurf-fuer-unseren-garten\/\" class=\"more-link\"><span class=\"screen-reader-text\">\u201eErster Entwurf f\u00fcr unseren Garten\u201c<\/span> weiterlesen<\/a><\/p>\n","protected":false},"author":3,"featured_media":0,"comment_status":"closed","ping_status":"closed","sticky":false,"template":"","format":"standard","meta":{"_crdt_document":"","footnotes":""},"categories":[3],"tags":[],"class_list":["post-2011","post","type-post","status-publish","format-standard","hentry","category-allgemein"],"_links":{"self":[{"href":"https:\/\/www.die-raumteiler.de\/index.php\/wp-json\/wp\/v2\/posts\/2011","targetHints":{"allow":["GET"]}}],"collection":[{"href":"https:\/\/www.die-raumteiler.de\/index.php\/wp-json\/wp\/v2\/posts"}],"about":[{"href":"https:\/\/www.die-raumteiler.de\/index.php\/wp-json\/wp\/v2\/types\/post"}],"author":[{"embeddable":true,"href":"https:\/\/www.die-raumteiler.de\/index.php\/wp-json\/wp\/v2\/users\/3"}],"replies":[{"embeddable":true,"href":"https:\/\/www.die-raumteiler.de\/index.php\/wp-json\/wp\/v2\/comments?post=2011"}],"version-history":[{"count":9,"href":"https:\/\/www.die-raumteiler.de\/index.php\/wp-json\/wp\/v2\/posts\/2011\/revisions"}],"predecessor-version":[{"id":2027,"href":"https:\/\/www.die-raumteiler.de\/index.php\/wp-json\/wp\/v2\/posts\/2011\/revisions\/2027"}],"wp:attachment":[{"href":"https:\/\/www.die-raumteiler.de\/index.php\/wp-json\/wp\/v2\/media?parent=2011"}],"wp:term":[{"taxonomy":"category","embeddable":true,"href":"https:\/\/www.die-raumteiler.de\/index.php\/wp-json\/wp\/v2\/categories?post=2011"},{"taxonomy":"post_tag","embeddable":true,"href":"https:\/\/www.die-raumteiler.de\/index.php\/wp-json\/wp\/v2\/tags?post=2011"}],"curies":[{"name":"wp","href":"https:\/\/api.w.org\/{rel}","templated":true}]}}